{"id":1810,"date":"2015-07-15T08:13:14","date_gmt":"2015-07-15T08:13:14","guid":{"rendered":"https:\/\/gerar.net\/shi-cheng-una-ciudad-bajo-el-agua-2\/"},"modified":"2015-07-15T08:21:38","modified_gmt":"2015-07-15T08:21:38","slug":"shi-cheng-una-ciudad-bajo-el-agua","status":"publish","type":"post","link":"https:\/\/gerar.net\/ca\/shi-cheng-una-ciudad-bajo-el-agua\/","title":{"rendered":"Shi Cheng: una ciutat sota l&#8217;aigua"},"content":{"rendered":"<p id=\"tw-target-text\" class=\"tw-data-text vk_txt tw-ta tw-text-small\" dir=\"ltr\" data-placeholder=\"Traducci\u00f3n\"><span lang=\"ca\">No \u00e9s la primera vegada que parlem de les meravelles arquitect\u00f2niques i paisatg\u00edstiques de la Xina. I avui us parlarem d&#8217;una ciutat que no totes les persones tenen l&#8217;honor de poder visitar-la, ja que es troba &#8230; sota l&#8217;aigua! <\/span><\/p>\n<p class=\"tw-data-text vk_txt tw-ta tw-text-small\" dir=\"ltr\" data-placeholder=\"Traducci\u00f3n\"><span lang=\"ca\">Shi Cheng, coneguda com la Ciutat del Lle\u00f3, va ser aixecada durant la dinastia Han entorn de l&#8217;any 208 als peus de la muntanya Wu Shi, en Zheijiang. Per\u00f2 en 1957 el govern xin\u00e8s va decidir submergir aquesta vall per crear la que seria la primera central hidroel\u00e8ctrica per tal de subministrar energia a grans ciutats, com Xangai. I va ser al 1959 quan va finalitzar la construcci\u00f3 de la presa i aquesta ciutat tan maca\u00a0va passar a formar part de les profunditats del llac artificial de Qiandao (anomenat tamb\u00e9 el Llac de les Mil Illes).<\/span><\/p>\n<p style=\"text-align: justify;\"><a href=\"https:\/\/gerar.net\/wp-content\/uploads\/2015\/07\/shi-cheng.jpg\"><img loading=\"lazy\" decoding=\"async\" class=\"aligncenter wp-image-1807 size-full\" src=\"https:\/\/gerar.net\/wp-content\/uploads\/2015\/07\/shi-cheng.jpg\" alt=\"shi cheng\" width=\"600\" height=\"368\" srcset=\"https:\/\/gerar.net\/wp-content\/uploads\/2015\/07\/shi-cheng.jpg 600w, https:\/\/gerar.net\/wp-content\/uploads\/2015\/07\/shi-cheng-300x184.jpg 300w, https:\/\/gerar.net\/wp-content\/uploads\/2015\/07\/shi-cheng-90x55.jpg 90w, https:\/\/gerar.net\/wp-content\/uploads\/2015\/07\/shi-cheng-150x92.jpg 150w\" sizes=\"auto, (max-width: 600px) 100vw, 600px\" \/><\/a><\/p>\n<p id=\"tw-target-text\" class=\"tw-data-text vk_txt tw-ta tw-text-small\" dir=\"ltr\" data-placeholder=\"Traducci\u00f3n\"><span lang=\"ca\">Shi Cheng va quedar submergida entre 26 i 40 metres de profunditat en una esp\u00e8cie de c\u00e0psula del temps, ja que el seu magn\u00edfic estat de conservaci\u00f3 segueix sorprenent a molts arque\u00f2legs. <\/span><\/p>\n<p class=\"tw-data-text vk_txt tw-ta tw-text-small\" dir=\"ltr\" data-placeholder=\"Traducci\u00f3n\"><span lang=\"ca\">La ciutat conserva a dia d&#8217;avui la muralla que l&#8217;envoltava i nombrosos edificis que daten de les dinasties Ming i Qing, aix\u00ed com elements arquitect\u00f2nics: figures tallades i escultures de dracs i aus mitol\u00f2giques, escales i bigues de fusta gaireb\u00e9 intactes &#8230; Fins i tot en les expedicions van trobar pergamins i llibres!<\/span><\/p>\n<p style=\"text-align: justify;\"><a href=\"https:\/\/gerar.net\/wp-content\/uploads\/2015\/07\/shicheng2.jpg\"><img loading=\"lazy\" decoding=\"async\" class=\"aligncenter wp-image-1808 size-full\" src=\"https:\/\/gerar.net\/wp-content\/uploads\/2015\/07\/shicheng2.jpg\" alt=\"The Neptune Society's underwater reef.\" width=\"620\" height=\"372\" srcset=\"https:\/\/gerar.net\/wp-content\/uploads\/2015\/07\/shicheng2.jpg 620w, https:\/\/gerar.net\/wp-content\/uploads\/2015\/07\/shicheng2-300x180.jpg 300w, https:\/\/gerar.net\/wp-content\/uploads\/2015\/07\/shicheng2-90x54.jpg 90w, https:\/\/gerar.net\/wp-content\/uploads\/2015\/07\/shicheng2-150x90.jpg 150w\" sizes=\"auto, (max-width: 620px) 100vw, 620px\" \/><\/a><\/p>\n<p style=\"text-align: justify;\">Aix\u00ed que ja sabeu, si mai decidiu visitar aquesta ciutat no us oblideu de les vostres ulleres, bombona d&#8217;oxigen i vestit de neopr\u00e8 \u00a1que les temperatures en el fons ronden entre els 8 i 10 graus!<\/p>\n","protected":false},"excerpt":{"rendered":"<p>No \u00e9s la primera vegada que parlem de les meravelles arquitect\u00f2niques i paisatg\u00edstiques de la Xina. I avui us parlarem d&#8217;una ciutat que no totes les persones tenen l&#8217;honor de poder visitar-la, ja que es troba &#8230; sota l&#8217;aigua! Shi Cheng, coneguda com la Ciutat del Lle\u00f3, va ser aixecada [&hellip;]<\/p>\n","protected":false},"author":3,"featured_media":1807,"comment_status":"open","ping_status":"open","sticky":false,"template":"","format":"standard","meta":{"_joinchat":[],"footnotes":""},"categories":[89,95,124],"tags":[174],"class_list":["post-1810","post","type-post","status-publish","format-standard","has-post-thumbnail","hentry","category-historia-ca","category-viatges-i-turisme-ca","category-xina-ca","tag-shi-cheng-ca"],"yoast_head":"<!-- This site is optimized with the Yoast SEO plugin v25.2 - https:\/\/yoast.com\/wordpress\/plugins\/seo\/ -->\n<title>Shi Cheng: una ciutat sota l&#039;aigua - Academia Chino Gerar<\/title>\n<meta name=\"robots\" content=\"index, follow, max-snippet:-1, max-image-preview:large, max-video-preview:-1\" \/>\n<link rel=\"canonical\" href=\"https:\/\/gerar.net\/ca\/shi-cheng-una-ciudad-bajo-el-agua\/\" \/>\n<meta property=\"og:locale\" content=\"ca_ES\" \/>\n<meta property=\"og:type\" content=\"article\" \/>\n<meta property=\"og:title\" content=\"Shi Cheng: una ciutat sota l&#039;aigua - Academia Chino Gerar\" \/>\n<meta property=\"og:description\" content=\"No \u00e9s la primera vegada que parlem de les meravelles arquitect\u00f2niques i paisatg\u00edstiques de la Xina. I avui us parlarem d&#8217;una ciutat que no totes les persones tenen l&#8217;honor de poder visitar-la, ja que es troba &#8230; sota l&#8217;aigua! Shi Cheng, coneguda com la Ciutat del Lle\u00f3, va ser aixecada [&hellip;]\" \/>\n<meta property=\"og:url\" content=\"https:\/\/gerar.net\/ca\/shi-cheng-una-ciudad-bajo-el-agua\/\" \/>\n<meta property=\"og:site_name\" content=\"Curs de Xin\u00e8s\" \/>\n<meta property=\"article:publisher\" content=\"https:\/\/www.facebook.com\/escuelagerar\" \/>\n<meta property=\"article:published_time\" content=\"2015-07-15T08:13:14+00:00\" \/>\n<meta property=\"article:modified_time\" content=\"2015-07-15T08:21:38+00:00\" \/>\n<meta property=\"og:image\" content=\"https:\/\/gerar.net\/wp-content\/uploads\/2015\/07\/shi-cheng.jpg\" \/>\n\t<meta property=\"og:image:width\" content=\"600\" \/>\n\t<meta property=\"og:image:height\" content=\"368\" \/>\n\t<meta property=\"og:image:type\" content=\"image\/jpeg\" \/>\n<meta name=\"author\" content=\"gerar2\" \/>\n<meta name=\"twitter:card\" content=\"summary_large_image\" \/>\n<meta name=\"twitter:creator\" content=\"@EscuelaGerar\" \/>\n<meta name=\"twitter:site\" content=\"@EscuelaGerar\" \/>\n<meta name=\"twitter:label1\" content=\"Escrit per\" \/>\n\t<meta name=\"twitter:data1\" content=\"gerar2\" \/>\n\t<meta name=\"twitter:label2\" content=\"Temps estimat de lectura\" \/>\n\t<meta name=\"twitter:data2\" content=\"1 minut\" \/>\n<script type=\"application\/ld+json\" class=\"yoast-schema-graph\">{\"@context\":\"https:\/\/schema.org\",\"@graph\":[{\"@type\":\"Article\",\"@id\":\"https:\/\/gerar.net\/ca\/shi-cheng-una-ciudad-bajo-el-agua\/#article\",\"isPartOf\":{\"@id\":\"https:\/\/gerar.net\/ca\/shi-cheng-una-ciudad-bajo-el-agua\/\"},\"author\":{\"name\":\"gerar2\",\"@id\":\"https:\/\/gerar.net\/ca\/#\/schema\/person\/92b18a9f0b4acb562fc719d77b375153\"},\"headline\":\"Shi Cheng: una ciutat sota l&#8217;aigua\",\"datePublished\":\"2015-07-15T08:13:14+00:00\",\"dateModified\":\"2015-07-15T08:21:38+00:00\",\"mainEntityOfPage\":{\"@id\":\"https:\/\/gerar.net\/ca\/shi-cheng-una-ciudad-bajo-el-agua\/\"},\"wordCount\":264,\"commentCount\":0,\"publisher\":{\"@id\":\"https:\/\/gerar.net\/ca\/#organization\"},\"image\":{\"@id\":\"https:\/\/gerar.net\/ca\/shi-cheng-una-ciudad-bajo-el-agua\/#primaryimage\"},\"thumbnailUrl\":\"https:\/\/gerar.net\/wp-content\/uploads\/2015\/07\/shi-cheng.jpg\",\"keywords\":[\"shi cheng\"],\"articleSection\":[\"Hist\u00f2ria\",\"Viatges i turisme\",\"XIna @ca\"],\"inLanguage\":\"ca\",\"potentialAction\":[{\"@type\":\"CommentAction\",\"name\":\"Comment\",\"target\":[\"https:\/\/gerar.net\/ca\/shi-cheng-una-ciudad-bajo-el-agua\/#respond\"]}]},{\"@type\":\"WebPage\",\"@id\":\"https:\/\/gerar.net\/ca\/shi-cheng-una-ciudad-bajo-el-agua\/\",\"url\":\"https:\/\/gerar.net\/ca\/shi-cheng-una-ciudad-bajo-el-agua\/\",\"name\":\"Shi Cheng: una ciutat sota l'aigua - Academia Chino Gerar\",\"isPartOf\":{\"@id\":\"https:\/\/gerar.net\/ca\/#website\"},\"primaryImageOfPage\":{\"@id\":\"https:\/\/gerar.net\/ca\/shi-cheng-una-ciudad-bajo-el-agua\/#primaryimage\"},\"image\":{\"@id\":\"https:\/\/gerar.net\/ca\/shi-cheng-una-ciudad-bajo-el-agua\/#primaryimage\"},\"thumbnailUrl\":\"https:\/\/gerar.net\/wp-content\/uploads\/2015\/07\/shi-cheng.jpg\",\"datePublished\":\"2015-07-15T08:13:14+00:00\",\"dateModified\":\"2015-07-15T08:21:38+00:00\",\"breadcrumb\":{\"@id\":\"https:\/\/gerar.net\/ca\/shi-cheng-una-ciudad-bajo-el-agua\/#breadcrumb\"},\"inLanguage\":\"ca\",\"potentialAction\":[{\"@type\":\"ReadAction\",\"target\":[\"https:\/\/gerar.net\/ca\/shi-cheng-una-ciudad-bajo-el-agua\/\"]}]},{\"@type\":\"ImageObject\",\"inLanguage\":\"ca\",\"@id\":\"https:\/\/gerar.net\/ca\/shi-cheng-una-ciudad-bajo-el-agua\/#primaryimage\",\"url\":\"https:\/\/gerar.net\/wp-content\/uploads\/2015\/07\/shi-cheng.jpg\",\"contentUrl\":\"https:\/\/gerar.net\/wp-content\/uploads\/2015\/07\/shi-cheng.jpg\",\"width\":600,\"height\":368},{\"@type\":\"BreadcrumbList\",\"@id\":\"https:\/\/gerar.net\/ca\/shi-cheng-una-ciudad-bajo-el-agua\/#breadcrumb\",\"itemListElement\":[{\"@type\":\"ListItem\",\"position\":1,\"name\":\"Portada\",\"item\":\"https:\/\/gerar.net\/ca\/\"},{\"@type\":\"ListItem\",\"position\":2,\"name\":\"Shi Cheng: una ciutat sota l&#8217;aigua\"}]},{\"@type\":\"WebSite\",\"@id\":\"https:\/\/gerar.net\/ca\/#website\",\"url\":\"https:\/\/gerar.net\/ca\/\",\"name\":\"Gerar - Escuela de lengua y cultura China\",\"description\":\"Escola de Xin\u00e8s\",\"publisher\":{\"@id\":\"https:\/\/gerar.net\/ca\/#organization\"},\"alternateName\":\"Gerar\",\"potentialAction\":[{\"@type\":\"SearchAction\",\"target\":{\"@type\":\"EntryPoint\",\"urlTemplate\":\"https:\/\/gerar.net\/ca\/?s={search_term_string}\"},\"query-input\":{\"@type\":\"PropertyValueSpecification\",\"valueRequired\":true,\"valueName\":\"search_term_string\"}}],\"inLanguage\":\"ca\"},{\"@type\":\"Organization\",\"@id\":\"https:\/\/gerar.net\/ca\/#organization\",\"name\":\"Gerar\",\"url\":\"https:\/\/gerar.net\/ca\/\",\"logo\":{\"@type\":\"ImageObject\",\"inLanguage\":\"ca\",\"@id\":\"https:\/\/gerar.net\/ca\/#\/schema\/logo\/image\/\",\"url\":\"https:\/\/gerar.net\/wp-content\/uploads\/2014\/03\/logo_web_2x.jpg\",\"contentUrl\":\"https:\/\/gerar.net\/wp-content\/uploads\/2014\/03\/logo_web_2x.jpg\",\"width\":360,\"height\":162,\"caption\":\"Gerar\"},\"image\":{\"@id\":\"https:\/\/gerar.net\/ca\/#\/schema\/logo\/image\/\"},\"sameAs\":[\"https:\/\/www.facebook.com\/escuelagerar\",\"https:\/\/x.com\/EscuelaGerar\",\"http:\/\/es.linkedin.com\/pub\/weimin-shang-hu\/26\/716\/564\"]},{\"@type\":\"Person\",\"@id\":\"https:\/\/gerar.net\/ca\/#\/schema\/person\/92b18a9f0b4acb562fc719d77b375153\",\"name\":\"gerar2\",\"image\":{\"@type\":\"ImageObject\",\"inLanguage\":\"ca\",\"@id\":\"https:\/\/gerar.net\/ca\/#\/schema\/person\/image\/\",\"url\":\"https:\/\/secure.gravatar.com\/avatar\/b5737ae9ad3c09e038963bb4ad6bd5a02fc040e3491c49093cf88080270108bc?s=96&d=mm&r=g\",\"contentUrl\":\"https:\/\/secure.gravatar.com\/avatar\/b5737ae9ad3c09e038963bb4ad6bd5a02fc040e3491c49093cf88080270108bc?s=96&d=mm&r=g\",\"caption\":\"gerar2\"},\"url\":\"https:\/\/gerar.net\/ca\/author\/gerar2\/\"}]}<\/script>\n<!-- \/ Yoast SEO plugin. -->","yoast_head_json":{"title":"Shi Cheng: una ciutat sota l'aigua - Academia Chino Gerar","robots":{"index":"index","follow":"follow","max-snippet":"max-snippet:-1","max-image-preview":"max-image-preview:large","max-video-preview":"max-video-preview:-1"},"canonical":"https:\/\/gerar.net\/ca\/shi-cheng-una-ciudad-bajo-el-agua\/","og_locale":"ca_ES","og_type":"article","og_title":"Shi Cheng: una ciutat sota l'aigua - Academia Chino Gerar","og_description":"No \u00e9s la primera vegada que parlem de les meravelles arquitect\u00f2niques i paisatg\u00edstiques de la Xina. I avui us parlarem d&#8217;una ciutat que no totes les persones tenen l&#8217;honor de poder visitar-la, ja que es troba &#8230; sota l&#8217;aigua! Shi Cheng, coneguda com la Ciutat del Lle\u00f3, va ser aixecada [&hellip;]","og_url":"https:\/\/gerar.net\/ca\/shi-cheng-una-ciudad-bajo-el-agua\/","og_site_name":"Curs de Xin\u00e8s","article_publisher":"https:\/\/www.facebook.com\/escuelagerar","article_published_time":"2015-07-15T08:13:14+00:00","article_modified_time":"2015-07-15T08:21:38+00:00","og_image":[{"width":600,"height":368,"url":"https:\/\/gerar.net\/wp-content\/uploads\/2015\/07\/shi-cheng.jpg","type":"image\/jpeg"}],"author":"gerar2","twitter_card":"summary_large_image","twitter_creator":"@EscuelaGerar","twitter_site":"@EscuelaGerar","twitter_misc":{"Escrit per":"gerar2","Temps estimat de lectura":"1 minut"},"schema":{"@context":"https:\/\/schema.org","@graph":[{"@type":"Article","@id":"https:\/\/gerar.net\/ca\/shi-cheng-una-ciudad-bajo-el-agua\/#article","isPartOf":{"@id":"https:\/\/gerar.net\/ca\/shi-cheng-una-ciudad-bajo-el-agua\/"},"author":{"name":"gerar2","@id":"https:\/\/gerar.net\/ca\/#\/schema\/person\/92b18a9f0b4acb562fc719d77b375153"},"headline":"Shi Cheng: una ciutat sota l&#8217;aigua","datePublished":"2015-07-15T08:13:14+00:00","dateModified":"2015-07-15T08:21:38+00:00","mainEntityOfPage":{"@id":"https:\/\/gerar.net\/ca\/shi-cheng-una-ciudad-bajo-el-agua\/"},"wordCount":264,"commentCount":0,"publisher":{"@id":"https:\/\/gerar.net\/ca\/#organization"},"image":{"@id":"https:\/\/gerar.net\/ca\/shi-cheng-una-ciudad-bajo-el-agua\/#primaryimage"},"thumbnailUrl":"https:\/\/gerar.net\/wp-content\/uploads\/2015\/07\/shi-cheng.jpg","keywords":["shi cheng"],"articleSection":["Hist\u00f2ria","Viatges i turisme","XIna @ca"],"inLanguage":"ca","potentialAction":[{"@type":"CommentAction","name":"Comment","target":["https:\/\/gerar.net\/ca\/shi-cheng-una-ciudad-bajo-el-agua\/#respond"]}]},{"@type":"WebPage","@id":"https:\/\/gerar.net\/ca\/shi-cheng-una-ciudad-bajo-el-agua\/","url":"https:\/\/gerar.net\/ca\/shi-cheng-una-ciudad-bajo-el-agua\/","name":"Shi Cheng: una ciutat sota l'aigua - Academia Chino Gerar","isPartOf":{"@id":"https:\/\/gerar.net\/ca\/#website"},"primaryImageOfPage":{"@id":"https:\/\/gerar.net\/ca\/shi-cheng-una-ciudad-bajo-el-agua\/#primaryimage"},"image":{"@id":"https:\/\/gerar.net\/ca\/shi-cheng-una-ciudad-bajo-el-agua\/#primaryimage"},"thumbnailUrl":"https:\/\/gerar.net\/wp-content\/uploads\/2015\/07\/shi-cheng.jpg","datePublished":"2015-07-15T08:13:14+00:00","dateModified":"2015-07-15T08:21:38+00:00","breadcrumb":{"@id":"https:\/\/gerar.net\/ca\/shi-cheng-una-ciudad-bajo-el-agua\/#breadcrumb"},"inLanguage":"ca","potentialAction":[{"@type":"ReadAction","target":["https:\/\/gerar.net\/ca\/shi-cheng-una-ciudad-bajo-el-agua\/"]}]},{"@type":"ImageObject","inLanguage":"ca","@id":"https:\/\/gerar.net\/ca\/shi-cheng-una-ciudad-bajo-el-agua\/#primaryimage","url":"https:\/\/gerar.net\/wp-content\/uploads\/2015\/07\/shi-cheng.jpg","contentUrl":"https:\/\/gerar.net\/wp-content\/uploads\/2015\/07\/shi-cheng.jpg","width":600,"height":368},{"@type":"BreadcrumbList","@id":"https:\/\/gerar.net\/ca\/shi-cheng-una-ciudad-bajo-el-agua\/#breadcrumb","itemListElement":[{"@type":"ListItem","position":1,"name":"Portada","item":"https:\/\/gerar.net\/ca\/"},{"@type":"ListItem","position":2,"name":"Shi Cheng: una ciutat sota l&#8217;aigua"}]},{"@type":"WebSite","@id":"https:\/\/gerar.net\/ca\/#website","url":"https:\/\/gerar.net\/ca\/","name":"Gerar - Escuela de lengua y cultura China","description":"Escola de Xin\u00e8s","publisher":{"@id":"https:\/\/gerar.net\/ca\/#organization"},"alternateName":"Gerar","potentialAction":[{"@type":"SearchAction","target":{"@type":"EntryPoint","urlTemplate":"https:\/\/gerar.net\/ca\/?s={search_term_string}"},"query-input":{"@type":"PropertyValueSpecification","valueRequired":true,"valueName":"search_term_string"}}],"inLanguage":"ca"},{"@type":"Organization","@id":"https:\/\/gerar.net\/ca\/#organization","name":"Gerar","url":"https:\/\/gerar.net\/ca\/","logo":{"@type":"ImageObject","inLanguage":"ca","@id":"https:\/\/gerar.net\/ca\/#\/schema\/logo\/image\/","url":"https:\/\/gerar.net\/wp-content\/uploads\/2014\/03\/logo_web_2x.jpg","contentUrl":"https:\/\/gerar.net\/wp-content\/uploads\/2014\/03\/logo_web_2x.jpg","width":360,"height":162,"caption":"Gerar"},"image":{"@id":"https:\/\/gerar.net\/ca\/#\/schema\/logo\/image\/"},"sameAs":["https:\/\/www.facebook.com\/escuelagerar","https:\/\/x.com\/EscuelaGerar","http:\/\/es.linkedin.com\/pub\/weimin-shang-hu\/26\/716\/564"]},{"@type":"Person","@id":"https:\/\/gerar.net\/ca\/#\/schema\/person\/92b18a9f0b4acb562fc719d77b375153","name":"gerar2","image":{"@type":"ImageObject","inLanguage":"ca","@id":"https:\/\/gerar.net\/ca\/#\/schema\/person\/image\/","url":"https:\/\/secure.gravatar.com\/avatar\/b5737ae9ad3c09e038963bb4ad6bd5a02fc040e3491c49093cf88080270108bc?s=96&d=mm&r=g","contentUrl":"https:\/\/secure.gravatar.com\/avatar\/b5737ae9ad3c09e038963bb4ad6bd5a02fc040e3491c49093cf88080270108bc?s=96&d=mm&r=g","caption":"gerar2"},"url":"https:\/\/gerar.net\/ca\/author\/gerar2\/"}]}},"_links":{"self":[{"href":"https:\/\/gerar.net\/ca\/wp-json\/wp\/v2\/posts\/1810","targetHints":{"allow":["GET"]}}],"collection":[{"href":"https:\/\/gerar.net\/ca\/wp-json\/wp\/v2\/posts"}],"about":[{"href":"https:\/\/gerar.net\/ca\/wp-json\/wp\/v2\/types\/post"}],"author":[{"embeddable":true,"href":"https:\/\/gerar.net\/ca\/wp-json\/wp\/v2\/users\/3"}],"replies":[{"embeddable":true,"href":"https:\/\/gerar.net\/ca\/wp-json\/wp\/v2\/comments?post=1810"}],"version-history":[{"count":3,"href":"https:\/\/gerar.net\/ca\/wp-json\/wp\/v2\/posts\/1810\/revisions"}],"predecessor-version":[{"id":1811,"href":"https:\/\/gerar.net\/ca\/wp-json\/wp\/v2\/posts\/1810\/revisions\/1811"}],"wp:featuredmedia":[{"embeddable":true,"href":"https:\/\/gerar.net\/ca\/wp-json\/wp\/v2\/media\/1807"}],"wp:attachment":[{"href":"https:\/\/gerar.net\/ca\/wp-json\/wp\/v2\/media?parent=1810"}],"wp:term":[{"taxonomy":"category","embeddable":true,"href":"https:\/\/gerar.net\/ca\/wp-json\/wp\/v2\/categories?post=1810"},{"taxonomy":"post_tag","embeddable":true,"href":"https:\/\/gerar.net\/ca\/wp-json\/wp\/v2\/tags?post=1810"}],"curies":[{"name":"wp","href":"https:\/\/api.w.org\/{rel}","templated":true}]}}