{"id":2020,"date":"2016-10-26T11:15:39","date_gmt":"2016-10-26T11:15:39","guid":{"rendered":"https:\/\/gerar.net\/ca\/el-origen-de-la-expresion-tragarse-un-datil-entero\/"},"modified":"2016-11-16T09:27:19","modified_gmt":"2016-11-16T09:27:19","slug":"el-origen-de-la-expresion-tragarse-un-datil-entero","status":"publish","type":"post","link":"https:\/\/gerar.net\/ca\/el-origen-de-la-expresion-tragarse-un-datil-entero\/","title":{"rendered":"L&#8217;origen de l&#8217;expressi\u00f3: &#8220;Empassar-se un d\u00e1til sencer&#8221;"},"content":{"rendered":"<h3 class=\"article-padding medium_left_right\" style=\"text-align: center;\"><strong>Expressi\u00f3: <\/strong>\u56eb\u56f5\u541e\u67a3<\/h3>\n<h3 class=\"p1\" style=\"text-align: center;\"><strong>Pinyin:<\/strong> h\u00fal\u00fant\u016bnz\u01ceo<\/h3>\n<div class=\"article-padding medium_left_right\"><\/div>\n<div class=\"article-padding medium_left_right\"><\/div>\n<div class=\"article-padding medium_left_right\">\n<div class=\"traductor-textarea form-group\">\n<div class=\"textarea-desti col-xs-12 col-sm-6\">\n<div class=\"form-control second-textarea\">Segons explica la llegenda, hi havia una vegada un jove que feia tot el que estava a les seves mans per mantenir una vida sana i equilibrada. Un dia, mentre es menjava una pera, se li va acostar un savi anci\u00e0 i li va dir: \u201cPer molt saboroses que siguin, no hauries de menjar moltes peres. Encara que s\u00f3n bones per a les dents poden danyar el teu est\u00f3mac\u201d. En escoltar les paraules del savi, el jove va rebutjar immediatament les peres i, mentre treia un grapat de d\u00e1tiles de la butxaca, li va preguntar amb curiositat: \u201cI quin tal si com d\u00e1tiles?\u201d. Al que l&#8217;anci\u00e0 va respondre: \u201cEls d\u00e1tiles s\u00f3n molt convenients per a l&#8217;est\u00f3mac, no obstant aix\u00f2, menjar a l&#8217;exc\u00e9s pot ser perjudicial per a les dents\u201d.<\/div>\n<\/div>\n<\/div>\n<div class=\"traductor-checkbox form-group\"><\/div>\n<\/div>\n<div class=\"article-padding medium_left_right\">\n<p class=\"p2\"><img loading=\"lazy\" decoding=\"async\" class=\"aligncenter wp-image-2011\" src=\"https:\/\/gerar.net\/wp-content\/uploads\/2016\/11\/33_Tragarse_un_datil_entero.jpg\" alt=\"Tragarse_un_datil_entero\" width=\"600\" height=\"334\" srcset=\"https:\/\/gerar.net\/wp-content\/uploads\/2016\/11\/33_Tragarse_un_datil_entero.jpg 818w, https:\/\/gerar.net\/wp-content\/uploads\/2016\/11\/33_Tragarse_un_datil_entero-300x167.jpg 300w, https:\/\/gerar.net\/wp-content\/uploads\/2016\/11\/33_Tragarse_un_datil_entero-768x428.jpg 768w, https:\/\/gerar.net\/wp-content\/uploads\/2016\/11\/33_Tragarse_un_datil_entero-90x50.jpg 90w, https:\/\/gerar.net\/wp-content\/uploads\/2016\/11\/33_Tragarse_un_datil_entero-150x84.jpg 150w\" sizes=\"auto, (max-width: 600px) 100vw, 600px\" \/><\/p>\n<p class=\"p2\">\n<\/div>\n<p class=\"p1\">\n<p class=\"p1\">El jove, conf\u00f3s despr\u00e9s d&#8217;escoltar els consells del savi, va reflexionar: \u201cJa ho entenc. Quan mengi peres les mastegar\u00e9, per\u00f2 no les empassar\u00e9, aix\u00ed no danyar\u00e9 el meu est\u00f3mac. I, quan mengi d\u00e1tiles, els empassar\u00e9 sense mastegar-los. Aix\u00ed aconseguir\u00e9 tenir un est\u00f3mac i unes dents sanes\u201d. L&#8217;anci\u00e0 es va quedar sense paraules.<\/p>\n<p>Des de llavors, la gent utilitza l&#8217;expressi\u00f3 \u201cempassar-se un d\u00e1til sencer\u201d per descriure a aquells que prenen tot al peu de la lletra sense analitzar el seu contingut.<\/p>\n","protected":false},"excerpt":{"rendered":"<p>Expressi\u00f3: \u56eb\u56f5\u541e\u67a3 Pinyin: h\u00fal\u00fant\u016bnz\u01ceo Segons explica la llegenda, hi havia una vegada un jove que feia tot el que estava a les seves mans per mantenir una vida sana i equilibrada. Un dia, mentre es menjava una pera, se li va acostar un savi anci\u00e0 i li va dir: \u201cPer [&hellip;]<\/p>\n","protected":false},"author":3,"featured_media":0,"comment_status":"open","ping_status":"open","sticky":false,"template":"","format":"standard","meta":{"_joinchat":[],"footnotes":""},"categories":[99],"tags":[],"class_list":["post-2020","post","type-post","status-publish","format-standard","hentry","category-idioma-xines-ca"],"yoast_head":"<!-- This site is optimized with the Yoast SEO plugin v25.2 - https:\/\/yoast.com\/wordpress\/plugins\/seo\/ -->\n<title>L&#039;origen de l&#039;expressi\u00f3: &quot;Empassar-se un d\u00e1til sencer&quot; - Academia Chino Gerar<\/title>\n<meta name=\"robots\" content=\"index, follow, max-snippet:-1, max-image-preview:large, max-video-preview:-1\" \/>\n<link rel=\"canonical\" href=\"https:\/\/gerar.net\/ca\/el-origen-de-la-expresion-tragarse-un-datil-entero\/\" \/>\n<meta property=\"og:locale\" content=\"ca_ES\" \/>\n<meta property=\"og:type\" content=\"article\" \/>\n<meta property=\"og:title\" content=\"L&#039;origen de l&#039;expressi\u00f3: &quot;Empassar-se un d\u00e1til sencer&quot; - Academia Chino Gerar\" \/>\n<meta property=\"og:description\" content=\"Expressi\u00f3: \u56eb\u56f5\u541e\u67a3 Pinyin: h\u00fal\u00fant\u016bnz\u01ceo Segons explica la llegenda, hi havia una vegada un jove que feia tot el que estava a les seves mans per mantenir una vida sana i equilibrada. Un dia, mentre es menjava una pera, se li va acostar un savi anci\u00e0 i li va dir: \u201cPer [&hellip;]\" \/>\n<meta property=\"og:url\" content=\"https:\/\/gerar.net\/ca\/el-origen-de-la-expresion-tragarse-un-datil-entero\/\" \/>\n<meta property=\"og:site_name\" content=\"Curs de Xin\u00e8s\" \/>\n<meta property=\"article:publisher\" content=\"https:\/\/www.facebook.com\/escuelagerar\" \/>\n<meta property=\"article:published_time\" content=\"2016-10-26T11:15:39+00:00\" \/>\n<meta property=\"article:modified_time\" content=\"2016-11-16T09:27:19+00:00\" \/>\n<meta property=\"og:image\" content=\"https:\/\/gerar.net\/wp-content\/uploads\/2016\/11\/33_Tragarse_un_datil_entero.jpg\" \/>\n\t<meta property=\"og:image:width\" content=\"818\" \/>\n\t<meta property=\"og:image:height\" content=\"456\" \/>\n\t<meta property=\"og:image:type\" content=\"image\/jpeg\" \/>\n<meta name=\"author\" content=\"gerar2\" \/>\n<meta name=\"twitter:card\" content=\"summary_large_image\" \/>\n<meta name=\"twitter:creator\" content=\"@EscuelaGerar\" \/>\n<meta name=\"twitter:site\" content=\"@EscuelaGerar\" \/>\n<meta name=\"twitter:label1\" content=\"Escrit per\" \/>\n\t<meta name=\"twitter:data1\" content=\"gerar2\" \/>\n\t<meta name=\"twitter:label2\" content=\"Temps estimat de lectura\" \/>\n\t<meta name=\"twitter:data2\" content=\"1 minut\" \/>\n<script type=\"application\/ld+json\" class=\"yoast-schema-graph\">{\"@context\":\"https:\/\/schema.org\",\"@graph\":[{\"@type\":\"Article\",\"@id\":\"https:\/\/gerar.net\/ca\/el-origen-de-la-expresion-tragarse-un-datil-entero\/#article\",\"isPartOf\":{\"@id\":\"https:\/\/gerar.net\/ca\/el-origen-de-la-expresion-tragarse-un-datil-entero\/\"},\"author\":{\"name\":\"gerar2\",\"@id\":\"https:\/\/gerar.net\/ca\/#\/schema\/person\/92b18a9f0b4acb562fc719d77b375153\"},\"headline\":\"L&#8217;origen de l&#8217;expressi\u00f3: &#8220;Empassar-se un d\u00e1til sencer&#8221;\",\"datePublished\":\"2016-10-26T11:15:39+00:00\",\"dateModified\":\"2016-11-16T09:27:19+00:00\",\"mainEntityOfPage\":{\"@id\":\"https:\/\/gerar.net\/ca\/el-origen-de-la-expresion-tragarse-un-datil-entero\/\"},\"wordCount\":238,\"commentCount\":0,\"publisher\":{\"@id\":\"https:\/\/gerar.net\/ca\/#organization\"},\"image\":{\"@id\":\"https:\/\/gerar.net\/ca\/el-origen-de-la-expresion-tragarse-un-datil-entero\/#primaryimage\"},\"thumbnailUrl\":\"https:\/\/gerar.net\/wp-content\/uploads\/2016\/11\/33_Tragarse_un_datil_entero.jpg\",\"articleSection\":[\"Idioma Xin\u00e8s\"],\"inLanguage\":\"ca\",\"potentialAction\":[{\"@type\":\"CommentAction\",\"name\":\"Comment\",\"target\":[\"https:\/\/gerar.net\/ca\/el-origen-de-la-expresion-tragarse-un-datil-entero\/#respond\"]}]},{\"@type\":\"WebPage\",\"@id\":\"https:\/\/gerar.net\/ca\/el-origen-de-la-expresion-tragarse-un-datil-entero\/\",\"url\":\"https:\/\/gerar.net\/ca\/el-origen-de-la-expresion-tragarse-un-datil-entero\/\",\"name\":\"L'origen de l'expressi\u00f3: \\\"Empassar-se un d\u00e1til sencer\\\" - Academia Chino Gerar\",\"isPartOf\":{\"@id\":\"https:\/\/gerar.net\/ca\/#website\"},\"primaryImageOfPage\":{\"@id\":\"https:\/\/gerar.net\/ca\/el-origen-de-la-expresion-tragarse-un-datil-entero\/#primaryimage\"},\"image\":{\"@id\":\"https:\/\/gerar.net\/ca\/el-origen-de-la-expresion-tragarse-un-datil-entero\/#primaryimage\"},\"thumbnailUrl\":\"https:\/\/gerar.net\/wp-content\/uploads\/2016\/11\/33_Tragarse_un_datil_entero.jpg\",\"datePublished\":\"2016-10-26T11:15:39+00:00\",\"dateModified\":\"2016-11-16T09:27:19+00:00\",\"breadcrumb\":{\"@id\":\"https:\/\/gerar.net\/ca\/el-origen-de-la-expresion-tragarse-un-datil-entero\/#breadcrumb\"},\"inLanguage\":\"ca\",\"potentialAction\":[{\"@type\":\"ReadAction\",\"target\":[\"https:\/\/gerar.net\/ca\/el-origen-de-la-expresion-tragarse-un-datil-entero\/\"]}]},{\"@type\":\"ImageObject\",\"inLanguage\":\"ca\",\"@id\":\"https:\/\/gerar.net\/ca\/el-origen-de-la-expresion-tragarse-un-datil-entero\/#primaryimage\",\"url\":\"https:\/\/gerar.net\/wp-content\/uploads\/2016\/11\/33_Tragarse_un_datil_entero.jpg\",\"contentUrl\":\"https:\/\/gerar.net\/wp-content\/uploads\/2016\/11\/33_Tragarse_un_datil_entero.jpg\"},{\"@type\":\"BreadcrumbList\",\"@id\":\"https:\/\/gerar.net\/ca\/el-origen-de-la-expresion-tragarse-un-datil-entero\/#breadcrumb\",\"itemListElement\":[{\"@type\":\"ListItem\",\"position\":1,\"name\":\"Portada\",\"item\":\"https:\/\/gerar.net\/ca\/\"},{\"@type\":\"ListItem\",\"position\":2,\"name\":\"L&#8217;origen de l&#8217;expressi\u00f3: &#8220;Empassar-se un d\u00e1til sencer&#8221;\"}]},{\"@type\":\"WebSite\",\"@id\":\"https:\/\/gerar.net\/ca\/#website\",\"url\":\"https:\/\/gerar.net\/ca\/\",\"name\":\"Gerar - Escuela de lengua y cultura China\",\"description\":\"Escola de Xin\u00e8s\",\"publisher\":{\"@id\":\"https:\/\/gerar.net\/ca\/#organization\"},\"alternateName\":\"Gerar\",\"potentialAction\":[{\"@type\":\"SearchAction\",\"target\":{\"@type\":\"EntryPoint\",\"urlTemplate\":\"https:\/\/gerar.net\/ca\/?s={search_term_string}\"},\"query-input\":{\"@type\":\"PropertyValueSpecification\",\"valueRequired\":true,\"valueName\":\"search_term_string\"}}],\"inLanguage\":\"ca\"},{\"@type\":\"Organization\",\"@id\":\"https:\/\/gerar.net\/ca\/#organization\",\"name\":\"Gerar\",\"url\":\"https:\/\/gerar.net\/ca\/\",\"logo\":{\"@type\":\"ImageObject\",\"inLanguage\":\"ca\",\"@id\":\"https:\/\/gerar.net\/ca\/#\/schema\/logo\/image\/\",\"url\":\"https:\/\/gerar.net\/wp-content\/uploads\/2014\/03\/logo_web_2x.jpg\",\"contentUrl\":\"https:\/\/gerar.net\/wp-content\/uploads\/2014\/03\/logo_web_2x.jpg\",\"width\":360,\"height\":162,\"caption\":\"Gerar\"},\"image\":{\"@id\":\"https:\/\/gerar.net\/ca\/#\/schema\/logo\/image\/\"},\"sameAs\":[\"https:\/\/www.facebook.com\/escuelagerar\",\"https:\/\/x.com\/EscuelaGerar\",\"http:\/\/es.linkedin.com\/pub\/weimin-shang-hu\/26\/716\/564\"]},{\"@type\":\"Person\",\"@id\":\"https:\/\/gerar.net\/ca\/#\/schema\/person\/92b18a9f0b4acb562fc719d77b375153\",\"name\":\"gerar2\",\"image\":{\"@type\":\"ImageObject\",\"inLanguage\":\"ca\",\"@id\":\"https:\/\/gerar.net\/ca\/#\/schema\/person\/image\/\",\"url\":\"https:\/\/secure.gravatar.com\/avatar\/b5737ae9ad3c09e038963bb4ad6bd5a02fc040e3491c49093cf88080270108bc?s=96&d=mm&r=g\",\"contentUrl\":\"https:\/\/secure.gravatar.com\/avatar\/b5737ae9ad3c09e038963bb4ad6bd5a02fc040e3491c49093cf88080270108bc?s=96&d=mm&r=g\",\"caption\":\"gerar2\"},\"url\":\"https:\/\/gerar.net\/ca\/author\/gerar2\/\"}]}<\/script>\n<!-- \/ Yoast SEO plugin. -->","yoast_head_json":{"title":"L'origen de l'expressi\u00f3: \"Empassar-se un d\u00e1til sencer\" - Academia Chino Gerar","robots":{"index":"index","follow":"follow","max-snippet":"max-snippet:-1","max-image-preview":"max-image-preview:large","max-video-preview":"max-video-preview:-1"},"canonical":"https:\/\/gerar.net\/ca\/el-origen-de-la-expresion-tragarse-un-datil-entero\/","og_locale":"ca_ES","og_type":"article","og_title":"L'origen de l'expressi\u00f3: \"Empassar-se un d\u00e1til sencer\" - Academia Chino Gerar","og_description":"Expressi\u00f3: \u56eb\u56f5\u541e\u67a3 Pinyin: h\u00fal\u00fant\u016bnz\u01ceo Segons explica la llegenda, hi havia una vegada un jove que feia tot el que estava a les seves mans per mantenir una vida sana i equilibrada. Un dia, mentre es menjava una pera, se li va acostar un savi anci\u00e0 i li va dir: \u201cPer [&hellip;]","og_url":"https:\/\/gerar.net\/ca\/el-origen-de-la-expresion-tragarse-un-datil-entero\/","og_site_name":"Curs de Xin\u00e8s","article_publisher":"https:\/\/www.facebook.com\/escuelagerar","article_published_time":"2016-10-26T11:15:39+00:00","article_modified_time":"2016-11-16T09:27:19+00:00","og_image":[{"width":818,"height":456,"url":"https:\/\/gerar.net\/wp-content\/uploads\/2016\/11\/33_Tragarse_un_datil_entero.jpg","type":"image\/jpeg"}],"author":"gerar2","twitter_card":"summary_large_image","twitter_creator":"@EscuelaGerar","twitter_site":"@EscuelaGerar","twitter_misc":{"Escrit per":"gerar2","Temps estimat de lectura":"1 minut"},"schema":{"@context":"https:\/\/schema.org","@graph":[{"@type":"Article","@id":"https:\/\/gerar.net\/ca\/el-origen-de-la-expresion-tragarse-un-datil-entero\/#article","isPartOf":{"@id":"https:\/\/gerar.net\/ca\/el-origen-de-la-expresion-tragarse-un-datil-entero\/"},"author":{"name":"gerar2","@id":"https:\/\/gerar.net\/ca\/#\/schema\/person\/92b18a9f0b4acb562fc719d77b375153"},"headline":"L&#8217;origen de l&#8217;expressi\u00f3: &#8220;Empassar-se un d\u00e1til sencer&#8221;","datePublished":"2016-10-26T11:15:39+00:00","dateModified":"2016-11-16T09:27:19+00:00","mainEntityOfPage":{"@id":"https:\/\/gerar.net\/ca\/el-origen-de-la-expresion-tragarse-un-datil-entero\/"},"wordCount":238,"commentCount":0,"publisher":{"@id":"https:\/\/gerar.net\/ca\/#organization"},"image":{"@id":"https:\/\/gerar.net\/ca\/el-origen-de-la-expresion-tragarse-un-datil-entero\/#primaryimage"},"thumbnailUrl":"https:\/\/gerar.net\/wp-content\/uploads\/2016\/11\/33_Tragarse_un_datil_entero.jpg","articleSection":["Idioma Xin\u00e8s"],"inLanguage":"ca","potentialAction":[{"@type":"CommentAction","name":"Comment","target":["https:\/\/gerar.net\/ca\/el-origen-de-la-expresion-tragarse-un-datil-entero\/#respond"]}]},{"@type":"WebPage","@id":"https:\/\/gerar.net\/ca\/el-origen-de-la-expresion-tragarse-un-datil-entero\/","url":"https:\/\/gerar.net\/ca\/el-origen-de-la-expresion-tragarse-un-datil-entero\/","name":"L'origen de l'expressi\u00f3: \"Empassar-se un d\u00e1til sencer\" - Academia Chino Gerar","isPartOf":{"@id":"https:\/\/gerar.net\/ca\/#website"},"primaryImageOfPage":{"@id":"https:\/\/gerar.net\/ca\/el-origen-de-la-expresion-tragarse-un-datil-entero\/#primaryimage"},"image":{"@id":"https:\/\/gerar.net\/ca\/el-origen-de-la-expresion-tragarse-un-datil-entero\/#primaryimage"},"thumbnailUrl":"https:\/\/gerar.net\/wp-content\/uploads\/2016\/11\/33_Tragarse_un_datil_entero.jpg","datePublished":"2016-10-26T11:15:39+00:00","dateModified":"2016-11-16T09:27:19+00:00","breadcrumb":{"@id":"https:\/\/gerar.net\/ca\/el-origen-de-la-expresion-tragarse-un-datil-entero\/#breadcrumb"},"inLanguage":"ca","potentialAction":[{"@type":"ReadAction","target":["https:\/\/gerar.net\/ca\/el-origen-de-la-expresion-tragarse-un-datil-entero\/"]}]},{"@type":"ImageObject","inLanguage":"ca","@id":"https:\/\/gerar.net\/ca\/el-origen-de-la-expresion-tragarse-un-datil-entero\/#primaryimage","url":"https:\/\/gerar.net\/wp-content\/uploads\/2016\/11\/33_Tragarse_un_datil_entero.jpg","contentUrl":"https:\/\/gerar.net\/wp-content\/uploads\/2016\/11\/33_Tragarse_un_datil_entero.jpg"},{"@type":"BreadcrumbList","@id":"https:\/\/gerar.net\/ca\/el-origen-de-la-expresion-tragarse-un-datil-entero\/#breadcrumb","itemListElement":[{"@type":"ListItem","position":1,"name":"Portada","item":"https:\/\/gerar.net\/ca\/"},{"@type":"ListItem","position":2,"name":"L&#8217;origen de l&#8217;expressi\u00f3: &#8220;Empassar-se un d\u00e1til sencer&#8221;"}]},{"@type":"WebSite","@id":"https:\/\/gerar.net\/ca\/#website","url":"https:\/\/gerar.net\/ca\/","name":"Gerar - Escuela de lengua y cultura China","description":"Escola de Xin\u00e8s","publisher":{"@id":"https:\/\/gerar.net\/ca\/#organization"},"alternateName":"Gerar","potentialAction":[{"@type":"SearchAction","target":{"@type":"EntryPoint","urlTemplate":"https:\/\/gerar.net\/ca\/?s={search_term_string}"},"query-input":{"@type":"PropertyValueSpecification","valueRequired":true,"valueName":"search_term_string"}}],"inLanguage":"ca"},{"@type":"Organization","@id":"https:\/\/gerar.net\/ca\/#organization","name":"Gerar","url":"https:\/\/gerar.net\/ca\/","logo":{"@type":"ImageObject","inLanguage":"ca","@id":"https:\/\/gerar.net\/ca\/#\/schema\/logo\/image\/","url":"https:\/\/gerar.net\/wp-content\/uploads\/2014\/03\/logo_web_2x.jpg","contentUrl":"https:\/\/gerar.net\/wp-content\/uploads\/2014\/03\/logo_web_2x.jpg","width":360,"height":162,"caption":"Gerar"},"image":{"@id":"https:\/\/gerar.net\/ca\/#\/schema\/logo\/image\/"},"sameAs":["https:\/\/www.facebook.com\/escuelagerar","https:\/\/x.com\/EscuelaGerar","http:\/\/es.linkedin.com\/pub\/weimin-shang-hu\/26\/716\/564"]},{"@type":"Person","@id":"https:\/\/gerar.net\/ca\/#\/schema\/person\/92b18a9f0b4acb562fc719d77b375153","name":"gerar2","image":{"@type":"ImageObject","inLanguage":"ca","@id":"https:\/\/gerar.net\/ca\/#\/schema\/person\/image\/","url":"https:\/\/secure.gravatar.com\/avatar\/b5737ae9ad3c09e038963bb4ad6bd5a02fc040e3491c49093cf88080270108bc?s=96&d=mm&r=g","contentUrl":"https:\/\/secure.gravatar.com\/avatar\/b5737ae9ad3c09e038963bb4ad6bd5a02fc040e3491c49093cf88080270108bc?s=96&d=mm&r=g","caption":"gerar2"},"url":"https:\/\/gerar.net\/ca\/author\/gerar2\/"}]}},"_links":{"self":[{"href":"https:\/\/gerar.net\/ca\/wp-json\/wp\/v2\/posts\/2020","targetHints":{"allow":["GET"]}}],"collection":[{"href":"https:\/\/gerar.net\/ca\/wp-json\/wp\/v2\/posts"}],"about":[{"href":"https:\/\/gerar.net\/ca\/wp-json\/wp\/v2\/types\/post"}],"author":[{"embeddable":true,"href":"https:\/\/gerar.net\/ca\/wp-json\/wp\/v2\/users\/3"}],"replies":[{"embeddable":true,"href":"https:\/\/gerar.net\/ca\/wp-json\/wp\/v2\/comments?post=2020"}],"version-history":[{"count":2,"href":"https:\/\/gerar.net\/ca\/wp-json\/wp\/v2\/posts\/2020\/revisions"}],"predecessor-version":[{"id":2022,"href":"https:\/\/gerar.net\/ca\/wp-json\/wp\/v2\/posts\/2020\/revisions\/2022"}],"wp:attachment":[{"href":"https:\/\/gerar.net\/ca\/wp-json\/wp\/v2\/media?parent=2020"}],"wp:term":[{"taxonomy":"category","embeddable":true,"href":"https:\/\/gerar.net\/ca\/wp-json\/wp\/v2\/categories?post=2020"},{"taxonomy":"post_tag","embeddable":true,"href":"https:\/\/gerar.net\/ca\/wp-json\/wp\/v2\/tags?post=2020"}],"curies":[{"name":"wp","href":"https:\/\/api.w.org\/{rel}","templated":true}]}}